{"type": "video", "version": "1.0", "provider_name": "PodEduc", "provider_url": "https://podeduc.apps.education.fr", "width": 640, "height": 360, "title": "La pr\u00e9carit\u00e9 menstruelle", "author_name": "Val\u00e9rie Liger", "author_url": "https://podeduc.apps.education.fr/videos/?owner=valerieliger", "html": "<iframe src=\"https://podeduc.apps.education.fr/video/43609-la-precarite-menstruelle/?is_iframe=true\" width=\"640\" height=\"360\" style=\"padding: 0; margin: 0; border:0\" allowfullscreen loading='lazy'></iframe>", "thumbnail_url": "https:/media/cache/c9/ac/c9ac4497bab2592014324945147f4783.jpg", "thumbnail_width": 720, "thumbnail_height": 540}